{"id":10739,"date":"2026-01-29T16:57:02","date_gmt":"2026-01-29T15:57:02","guid":{"rendered":"https:\/\/www.teamwillgroup.com\/?p=10739"},"modified":"2026-02-06T17:00:13","modified_gmt":"2026-02-06T16:00:13","slug":"anis-chenchah-rejoint-teamwill-en-tant-que-global-ceo","status":"publish","type":"post","link":"https:\/\/www.teamwillgroup.com\/fr\/actualites\/anis-chenchah-rejoint-teamwill-en-tant-que-global-ceo\/","title":{"rendered":"Anis Chenchah rejoint Teamwill en tant que Global CEO"},"content":{"rendered":"<p><div class=\"fusion-fullwidth fullwidth-box fusion-builder-row-1 fusion-flex-container has-pattern-background has-mask-background nonhundred-percent-fullwidth non-hundred-percent-height-scrolling\" style=\"background-color: rgba(255,255,255,0);background-position: center center;background-repeat: no-repeat;border-width: 0px 0px 0px 0px;border-color:var(--awb-color3);border-style:solid;\" ><div class=\"fusion-builder-row fusion-row fusion-flex-align-items-flex-start\" style=\"max-width:1289.6px;margin-left: calc(-4% \/ 2 );margin-right: calc(-4% \/ 2 );\"><div class=\"fusion-layout-column fusion_builder_column fusion-builder-column-0 fusion_builder_column_1_1 1_1 fusion-flex-column\"><div class=\"fusion-column-wrapper fusion-flex-justify-content-flex-start fusion-content-layout-column\" style=\"background-position:left top;background-repeat:no-repeat;-webkit-background-size:cover;-moz-background-size:cover;-o-background-size:cover;background-size:cover;padding: 0px 0px 0px 0px;\"><div class=\"elegant-image elegant-image-0 elegant-align-center \"><div class=\"elegant-image-wrapper\"><img decoding=\"async\" src=\"https:\/\/www.teamwillgroup.com\/wp-content\/uploads\/2026\/01\/Banners-2-scaled.png\" alt=\"\" style=\"width:1000px;\"\/><\/div><div class=\"elegant-image-blur-shadow\"><img decoding=\"async\" src=\"https:\/\/www.teamwillgroup.com\/wp-content\/uploads\/2026\/01\/Banners-2-scaled.png\" alt=\"\" style=\"width:1000px;\"\/><\/div><style type=\"text\/css\">.elegant-image-0 .elegant-image-wrapper {\n\t\t\t\t\ttransform: none !important;\n\t\t\t\t}<\/style><\/div><\/div><style type=\"text\/css\">.fusion-body .fusion-builder-column-0{width:100% !important;margin-top : 0px;margin-bottom : 20px;}.fusion-builder-column-0 > .fusion-column-wrapper {padding-top : 0px !important;padding-right : 0px !important;margin-right : 1.92%;padding-bottom : 0px !important;padding-left : 0px !important;margin-left : 1.92%;}@media only screen and (max-width:1024px) {.fusion-body .fusion-builder-column-0{width:100% !important;order : 0;}.fusion-builder-column-0 > .fusion-column-wrapper {margin-right : 1.92%;margin-left : 1.92%;}}@media only screen and (max-width:640px) {.fusion-body .fusion-builder-column-0{width:100% !important;order : 0;}.fusion-builder-column-0 > .fusion-column-wrapper {margin-right : 1.92%;margin-left : 1.92%;}}<\/style><\/div><\/div><style type=\"text\/css\">.fusion-body .fusion-flex-container.fusion-builder-row-1{ padding-top : 0px;margin-top : 0px;padding-right : 0px;padding-bottom : 0px;margin-bottom : 0px;padding-left : 0px;}<\/style><\/div><div class=\"fusion-fullwidth fullwidth-box fusion-builder-row-2 fusion-flex-container nonhundred-percent-fullwidth non-hundred-percent-height-scrolling\" style=\"background-color: rgba(255,255,255,0);background-position: center center;background-repeat: no-repeat;border-width: 0px 0px 0px 0px;border-color:var(--awb-color3);border-style:solid;\" ><div class=\"fusion-builder-row fusion-row fusion-flex-align-items-flex-start\" style=\"max-width:1289.6px;margin-left: calc(-4% \/ 2 );margin-right: calc(-4% \/ 2 );\"><div class=\"fusion-layout-column fusion_builder_column fusion-builder-column-1 fusion-flex-column\"><div class=\"fusion-column-wrapper fusion-flex-justify-content-flex-start fusion-content-layout-column\" style=\"background-position:left top;background-repeat:no-repeat;-webkit-background-size:cover;-moz-background-size:cover;-o-background-size:cover;background-size:cover;padding: 0px 0px 0px 0px;\"><\/div><style type=\"text\/css\">.fusion-body .fusion-builder-column-1{width:10% !important;margin-top : 0px;margin-bottom : 20px;}.fusion-builder-column-1 > .fusion-column-wrapper {padding-top : 0px !important;padding-right : 0px !important;margin-right : 19.2%;padding-bottom : 0px !important;padding-left : 0px !important;margin-left : 19.2%;}@media only screen and (max-width:1024px) {.fusion-body .fusion-builder-column-1{width:10% !important;order : 0;}.fusion-builder-column-1 > .fusion-column-wrapper {margin-right : 19.2%;margin-left : 19.2%;}}@media only screen and (max-width:640px) {.fusion-body .fusion-builder-column-1{width:100% !important;order : 0;}.fusion-builder-column-1 > .fusion-column-wrapper {margin-right : 1.92%;margin-left : 1.92%;}}<\/style><\/div><div class=\"fusion-layout-column fusion_builder_column fusion-builder-column-2 fusion-flex-column fusion-flex-align-self-center\"><div class=\"fusion-column-wrapper fusion-flex-justify-content-flex-start fusion-content-layout-column\" style=\"background-position:left top;background-repeat:no-repeat;-webkit-background-size:cover;-moz-background-size:cover;-o-background-size:cover;background-size:cover;padding: 0px 0px 0px 0px;\"><style type=\"text\/css\">@media only screen and (max-width:1024px) {.fusion-title.fusion-title-1{margin-top:35px!important; margin-right:0px!important;margin-bottom:15px!important;margin-left:0px!important;}}@media only screen and (max-width:640px) {.fusion-title.fusion-title-1{margin-top:10px!important; margin-right:0px!important;margin-bottom:10px!important; margin-left:0px!important;}}<\/style><div class=\"fusion-title title fusion-title-1 fusion-sep-none fusion-title-text fusion-title-size-one\" style=\"margin-top:35px;margin-right:0px;margin-bottom:15px;margin-left:0px;\"><h1 class=\"title-heading-left fusion-responsive-typography-calculated\" style=\"margin:0;--fontSize:28;line-height:var(--awb-typography1-line-height);\"><p><strong>Paris, le 29 janvier 2026\u00a0<\/strong><\/p>\n<p><strong>Teamwill, acteur de r\u00e9f\u00e9rence dans les services de cr\u00e9dit et de financement d&rsquo;actifs, annonce la nomination d&rsquo;Anis Chenchah au poste de Global CEO.<\/strong><\/p><\/h1><\/div><div class=\"fusion-text fusion-text-1\"><p>Cette nomination constitue une \u00e9tape majeure dans le d\u00e9ploiement du plan de transformation de Teamwill et l&rsquo;\u00e9volution de sa gouvernance.<\/p>\n<\/div><div class=\"fusion-text fusion-text-2\"><p>Anis poss\u00e8de plus de 25 ans d&rsquo;exp\u00e9rience dans le conseil, les technologies de l&rsquo;information et les services aux processus m\u00e9tiers. Avant de rejoindre Teamwill, Anis \u00e9tait CEO de Wipro APMEA et membre du Comit\u00e9 Ex\u00e9cutif. Auparavant, il a occup\u00e9 diverses fonctions de direction chez Capgemini, notamment CEO de Capgemini Business Services et membre du Comit\u00e9 Ex\u00e9cutif du Groupe.<\/p>\n<\/div><div class=\"fusion-text fusion-text-3\"><p>\u00ab Je suis heureux d&rsquo;accueillir Anis Chenchah en tant que Global CEO de Teamwill. Son leadership et son expertise seront d\u00e9terminants pour notre nouvelle phase de d\u00e9veloppement. Cette nomination traduit notre engagement \u00e0 renforcer nos capacit\u00e9s pour aider nos clients \u00e0 r\u00e9aliser leurs ambitions \u00bb, d\u00e9clare Anis Chakroun, Pr\u00e9sident de Teamwill.<\/p>\n<\/div><div class=\"fusion-text fusion-text-4\"><p>Anis Chenchah a d\u00e9clar\u00e9 : \u00ab Je suis heureux de rejoindre Teamwill en tant que Global CEO et investisseur, apr\u00e8s avoir conseill\u00e9 l&rsquo;entreprise sur sa strat\u00e9gie au cours de l&rsquo;ann\u00e9e \u00e9coul\u00e9e. Nous ambitionnons de b\u00e2tir un champion du conseil d\u00e9di\u00e9 au secteur des services financiers. \u00bb<\/p>\n<\/div><div class=\"fusion-text fusion-text-5\"><p>Il a ajout\u00e9 : \u00ab Je tiens \u00e0 remercier Anis Chakroun pour m&rsquo;avoir confi\u00e9 la direction de l&rsquo;entreprise qu&rsquo;il a fond\u00e9e, et je me r\u00e9jouis de l&rsquo;aventure passionnante qui nous attend. \u00bb<br \/>\nAnis est dipl\u00f4m\u00e9 de l&rsquo;ENSISA en France, o\u00f9 il a obtenu un Master en Ing\u00e9nierie.<\/p>\n<\/div><\/div><style type=\"text\/css\">.fusion-body .fusion-builder-column-2{width:80% !important;margin-top : 0px;margin-bottom : 20px;}.fusion-builder-column-2 > .fusion-column-wrapper {padding-top : 0px !important;padding-right : 0px !important;margin-right : 2.4%;padding-bottom : 0px !important;padding-left : 0px !important;margin-left : 2.4%;}@media only screen and (max-width:1024px) {.fusion-body .fusion-builder-column-2{width:80% !important;order : 0;}.fusion-builder-column-2 > .fusion-column-wrapper {margin-right : 2.4%;margin-left : 2.4%;}}@media only screen and (max-width:640px) {.fusion-body .fusion-builder-column-2{width:100% !important;order : 0;}.fusion-builder-column-2 > .fusion-column-wrapper {margin-right : 1.92%;margin-left : 1.92%;}}<\/style><\/div><div class=\"fusion-layout-column fusion_builder_column fusion-builder-column-3 fusion-flex-column\"><div class=\"fusion-column-wrapper fusion-flex-justify-content-flex-start fusion-content-layout-column\" style=\"background-position:left top;background-repeat:no-repeat;-webkit-background-size:cover;-moz-background-size:cover;-o-background-size:cover;background-size:cover;padding: 0px 0px 0px 0px;\"><\/div><style type=\"text\/css\">.fusion-body .fusion-builder-column-3{width:10% !important;margin-top : 0px;margin-bottom : 20px;}.fusion-builder-column-3 > .fusion-column-wrapper {padding-top : 0px !important;padding-right : 0px !important;margin-right : 19.2%;padding-bottom : 0px !important;padding-left : 0px !important;margin-left : 19.2%;}@media only screen and (max-width:1024px) {.fusion-body .fusion-builder-column-3{width:10% !important;order : 0;}.fusion-builder-column-3 > .fusion-column-wrapper {margin-right : 19.2%;margin-left : 19.2%;}}@media only screen and (max-width:640px) {.fusion-body .fusion-builder-column-3{width:100% !important;order : 0;}.fusion-builder-column-3 > .fusion-column-wrapper {margin-right : 1.92%;margin-left : 1.92%;}}<\/style><\/div><\/div><style type=\"text\/css\">.fusion-body .fusion-flex-container.fusion-builder-row-2{ padding-top : 0px;margin-top : 0px;padding-right : 0px;padding-bottom : 0px;margin-bottom : 0px;padding-left : 0px;}<\/style><\/div><\/p>\n","protected":false},"excerpt":{"rendered":"","protected":false},"author":18,"featured_media":10610,"comment_status":"open","ping_status":"open","sticky":false,"template":"","format":"standard","meta":{"footnotes":""},"categories":[29,44],"tags":[],"class_list":["post-10739","post","type-post","status-publish","format-standard","has-post-thumbnail","hentry","category-actualites","category-presse"],"yoast_head":"<!-- This site is optimized with the Yoast SEO plugin v27.5 - https:\/\/yoast.com\/product\/yoast-seo-wordpress\/ -->\n<title>Anis Chenchah rejoint Teamwill en tant que Global CEO - Teamwill<\/title>\n<meta name=\"robots\" content=\"index, follow, max-snippet:-1, max-image-preview:large, max-video-preview:-1\" \/>\n<link rel=\"canonical\" href=\"https:\/\/www.teamwillgroup.com\/fr\/actualites\/anis-chenchah-rejoint-teamwill-en-tant-que-global-ceo\/\" \/>\n<meta property=\"og:locale\" content=\"fr_FR\" \/>\n<meta property=\"og:type\" content=\"article\" \/>\n<meta property=\"og:title\" content=\"Anis Chenchah rejoint Teamwill en tant que Global CEO - Teamwill\" \/>\n<meta property=\"og:url\" content=\"https:\/\/www.teamwillgroup.com\/fr\/actualites\/anis-chenchah-rejoint-teamwill-en-tant-que-global-ceo\/\" \/>\n<meta property=\"og:site_name\" content=\"Teamwill\" \/>\n<meta property=\"article:published_time\" content=\"2026-01-29T15:57:02+00:00\" \/>\n<meta property=\"article:modified_time\" content=\"2026-02-06T16:00:13+00:00\" \/>\n<meta property=\"og:image\" content=\"https:\/\/www.teamwillgroup.com\/wp-content\/uploads\/2026\/01\/Design-sans-titre-58.png\" \/>\n\t<meta property=\"og:image:width\" content=\"1200\" \/>\n\t<meta property=\"og:image:height\" content=\"850\" \/>\n\t<meta property=\"og:image:type\" content=\"image\/png\" \/>\n<meta name=\"author\" content=\"Amira\" \/>\n<meta name=\"twitter:card\" content=\"summary_large_image\" \/>\n<meta name=\"twitter:label1\" content=\"\u00c9crit par\" \/>\n\t<meta name=\"twitter:data1\" content=\"Amira\" \/>\n\t<meta name=\"twitter:label2\" content=\"Dur\u00e9e de lecture estim\u00e9e\" \/>\n\t<meta name=\"twitter:data2\" content=\"7 minutes\" \/>\n<script type=\"application\/ld+json\" class=\"yoast-schema-graph\">{\"@context\":\"https:\\\/\\\/schema.org\",\"@graph\":[{\"@type\":\"Article\",\"@id\":\"https:\\\/\\\/www.teamwillgroup.com\\\/fr\\\/actualites\\\/anis-chenchah-rejoint-teamwill-en-tant-que-global-ceo\\\/#article\",\"isPartOf\":{\"@id\":\"https:\\\/\\\/www.teamwillgroup.com\\\/fr\\\/actualites\\\/anis-chenchah-rejoint-teamwill-en-tant-que-global-ceo\\\/\"},\"author\":{\"name\":\"Amira\",\"@id\":\"https:\\\/\\\/www.teamwillgroup.com\\\/fr\\\/#\\\/schema\\\/person\\\/0bacd64e606c0c1487fef080e2b8ed57\"},\"headline\":\"Anis Chenchah rejoint Teamwill en tant que Global CEO\",\"datePublished\":\"2026-01-29T15:57:02+00:00\",\"dateModified\":\"2026-02-06T16:00:13+00:00\",\"mainEntityOfPage\":{\"@id\":\"https:\\\/\\\/www.teamwillgroup.com\\\/fr\\\/actualites\\\/anis-chenchah-rejoint-teamwill-en-tant-que-global-ceo\\\/\"},\"wordCount\":3017,\"commentCount\":0,\"publisher\":{\"@id\":\"https:\\\/\\\/www.teamwillgroup.com\\\/fr\\\/#organization\"},\"image\":{\"@id\":\"https:\\\/\\\/www.teamwillgroup.com\\\/fr\\\/actualites\\\/anis-chenchah-rejoint-teamwill-en-tant-que-global-ceo\\\/#primaryimage\"},\"thumbnailUrl\":\"https:\\\/\\\/www.teamwillgroup.com\\\/wp-content\\\/uploads\\\/2026\\\/01\\\/Design-sans-titre-58.png\",\"articleSection\":[\"Actualit\u00e9s\",\"Presse\"],\"inLanguage\":\"fr-FR\",\"potentialAction\":[{\"@type\":\"CommentAction\",\"name\":\"Comment\",\"target\":[\"https:\\\/\\\/www.teamwillgroup.com\\\/fr\\\/actualites\\\/anis-chenchah-rejoint-teamwill-en-tant-que-global-ceo\\\/#respond\"]}]},{\"@type\":\"WebPage\",\"@id\":\"https:\\\/\\\/www.teamwillgroup.com\\\/fr\\\/actualites\\\/anis-chenchah-rejoint-teamwill-en-tant-que-global-ceo\\\/\",\"url\":\"https:\\\/\\\/www.teamwillgroup.com\\\/fr\\\/actualites\\\/anis-chenchah-rejoint-teamwill-en-tant-que-global-ceo\\\/\",\"name\":\"Anis Chenchah rejoint Teamwill en tant que Global CEO - Teamwill\",\"isPartOf\":{\"@id\":\"https:\\\/\\\/www.teamwillgroup.com\\\/fr\\\/#website\"},\"primaryImageOfPage\":{\"@id\":\"https:\\\/\\\/www.teamwillgroup.com\\\/fr\\\/actualites\\\/anis-chenchah-rejoint-teamwill-en-tant-que-global-ceo\\\/#primaryimage\"},\"image\":{\"@id\":\"https:\\\/\\\/www.teamwillgroup.com\\\/fr\\\/actualites\\\/anis-chenchah-rejoint-teamwill-en-tant-que-global-ceo\\\/#primaryimage\"},\"thumbnailUrl\":\"https:\\\/\\\/www.teamwillgroup.com\\\/wp-content\\\/uploads\\\/2026\\\/01\\\/Design-sans-titre-58.png\",\"datePublished\":\"2026-01-29T15:57:02+00:00\",\"dateModified\":\"2026-02-06T16:00:13+00:00\",\"breadcrumb\":{\"@id\":\"https:\\\/\\\/www.teamwillgroup.com\\\/fr\\\/actualites\\\/anis-chenchah-rejoint-teamwill-en-tant-que-global-ceo\\\/#breadcrumb\"},\"inLanguage\":\"fr-FR\",\"potentialAction\":[{\"@type\":\"ReadAction\",\"target\":[\"https:\\\/\\\/www.teamwillgroup.com\\\/fr\\\/actualites\\\/anis-chenchah-rejoint-teamwill-en-tant-que-global-ceo\\\/\"]}]},{\"@type\":\"ImageObject\",\"inLanguage\":\"fr-FR\",\"@id\":\"https:\\\/\\\/www.teamwillgroup.com\\\/fr\\\/actualites\\\/anis-chenchah-rejoint-teamwill-en-tant-que-global-ceo\\\/#primaryimage\",\"url\":\"https:\\\/\\\/www.teamwillgroup.com\\\/wp-content\\\/uploads\\\/2026\\\/01\\\/Design-sans-titre-58.png\",\"contentUrl\":\"https:\\\/\\\/www.teamwillgroup.com\\\/wp-content\\\/uploads\\\/2026\\\/01\\\/Design-sans-titre-58.png\",\"width\":1200,\"height\":850},{\"@type\":\"BreadcrumbList\",\"@id\":\"https:\\\/\\\/www.teamwillgroup.com\\\/fr\\\/actualites\\\/anis-chenchah-rejoint-teamwill-en-tant-que-global-ceo\\\/#breadcrumb\",\"itemListElement\":[{\"@type\":\"ListItem\",\"position\":1,\"name\":\"Accueil\",\"item\":\"https:\\\/\\\/www.teamwillgroup.com\\\/fr\\\/\"},{\"@type\":\"ListItem\",\"position\":2,\"name\":\"Actualit\u00e9s\",\"item\":\"https:\\\/\\\/www.teamwillgroup.com\\\/fr\\\/categorie\\\/actualites\\\/\"},{\"@type\":\"ListItem\",\"position\":3,\"name\":\"Anis Chenchah rejoint Teamwill en tant que Global CEO\"}]},{\"@type\":\"WebSite\",\"@id\":\"https:\\\/\\\/www.teamwillgroup.com\\\/fr\\\/#website\",\"url\":\"https:\\\/\\\/www.teamwillgroup.com\\\/fr\\\/\",\"name\":\"Teamwill\",\"description\":\"Leading credit &amp;  Asset Finance Services\",\"publisher\":{\"@id\":\"https:\\\/\\\/www.teamwillgroup.com\\\/fr\\\/#organization\"},\"potentialAction\":[{\"@type\":\"SearchAction\",\"target\":{\"@type\":\"EntryPoint\",\"urlTemplate\":\"https:\\\/\\\/www.teamwillgroup.com\\\/fr\\\/?s={search_term_string}\"},\"query-input\":{\"@type\":\"PropertyValueSpecification\",\"valueRequired\":true,\"valueName\":\"search_term_string\"}}],\"inLanguage\":\"fr-FR\"},{\"@type\":\"Organization\",\"@id\":\"https:\\\/\\\/www.teamwillgroup.com\\\/fr\\\/#organization\",\"name\":\"Teamwill\",\"url\":\"https:\\\/\\\/www.teamwillgroup.com\\\/fr\\\/\",\"logo\":{\"@type\":\"ImageObject\",\"inLanguage\":\"fr-FR\",\"@id\":\"https:\\\/\\\/www.teamwillgroup.com\\\/fr\\\/#\\\/schema\\\/logo\\\/image\\\/\",\"url\":\"https:\\\/\\\/www.teamwillgroup.com\\\/wp-content\\\/uploads\\\/2022\\\/05\\\/teamwill.png\",\"contentUrl\":\"https:\\\/\\\/www.teamwillgroup.com\\\/wp-content\\\/uploads\\\/2022\\\/05\\\/teamwill.png\",\"width\":239,\"height\":60,\"caption\":\"Teamwill\"},\"image\":{\"@id\":\"https:\\\/\\\/www.teamwillgroup.com\\\/fr\\\/#\\\/schema\\\/logo\\\/image\\\/\"},\"sameAs\":[\"https:\\\/\\\/www.linkedin.com\\\/company\\\/teamwill\"]},{\"@type\":\"Person\",\"@id\":\"https:\\\/\\\/www.teamwillgroup.com\\\/fr\\\/#\\\/schema\\\/person\\\/0bacd64e606c0c1487fef080e2b8ed57\",\"name\":\"Amira\",\"image\":{\"@type\":\"ImageObject\",\"inLanguage\":\"fr-FR\",\"@id\":\"https:\\\/\\\/secure.gravatar.com\\\/avatar\\\/b9fd4e212daff442ba91afcac40d3287755a3711e6b62a1c3f145cd38865c50a?s=96&d=mm&r=g\",\"url\":\"https:\\\/\\\/secure.gravatar.com\\\/avatar\\\/b9fd4e212daff442ba91afcac40d3287755a3711e6b62a1c3f145cd38865c50a?s=96&d=mm&r=g\",\"contentUrl\":\"https:\\\/\\\/secure.gravatar.com\\\/avatar\\\/b9fd4e212daff442ba91afcac40d3287755a3711e6b62a1c3f145cd38865c50a?s=96&d=mm&r=g\",\"caption\":\"Amira\"}}]}<\/script>\n<!-- \/ Yoast SEO plugin. -->","yoast_head_json":{"title":"Anis Chenchah rejoint Teamwill en tant que Global CEO - Teamwill","robots":{"index":"index","follow":"follow","max-snippet":"max-snippet:-1","max-image-preview":"max-image-preview:large","max-video-preview":"max-video-preview:-1"},"canonical":"https:\/\/www.teamwillgroup.com\/fr\/actualites\/anis-chenchah-rejoint-teamwill-en-tant-que-global-ceo\/","og_locale":"fr_FR","og_type":"article","og_title":"Anis Chenchah rejoint Teamwill en tant que Global CEO - Teamwill","og_url":"https:\/\/www.teamwillgroup.com\/fr\/actualites\/anis-chenchah-rejoint-teamwill-en-tant-que-global-ceo\/","og_site_name":"Teamwill","article_published_time":"2026-01-29T15:57:02+00:00","article_modified_time":"2026-02-06T16:00:13+00:00","og_image":[{"width":1200,"height":850,"url":"https:\/\/www.teamwillgroup.com\/wp-content\/uploads\/2026\/01\/Design-sans-titre-58.png","type":"image\/png"}],"author":"Amira","twitter_card":"summary_large_image","twitter_misc":{"\u00c9crit par":"Amira","Dur\u00e9e de lecture estim\u00e9e":"7 minutes"},"schema":{"@context":"https:\/\/schema.org","@graph":[{"@type":"Article","@id":"https:\/\/www.teamwillgroup.com\/fr\/actualites\/anis-chenchah-rejoint-teamwill-en-tant-que-global-ceo\/#article","isPartOf":{"@id":"https:\/\/www.teamwillgroup.com\/fr\/actualites\/anis-chenchah-rejoint-teamwill-en-tant-que-global-ceo\/"},"author":{"name":"Amira","@id":"https:\/\/www.teamwillgroup.com\/fr\/#\/schema\/person\/0bacd64e606c0c1487fef080e2b8ed57"},"headline":"Anis Chenchah rejoint Teamwill en tant que Global CEO","datePublished":"2026-01-29T15:57:02+00:00","dateModified":"2026-02-06T16:00:13+00:00","mainEntityOfPage":{"@id":"https:\/\/www.teamwillgroup.com\/fr\/actualites\/anis-chenchah-rejoint-teamwill-en-tant-que-global-ceo\/"},"wordCount":3017,"commentCount":0,"publisher":{"@id":"https:\/\/www.teamwillgroup.com\/fr\/#organization"},"image":{"@id":"https:\/\/www.teamwillgroup.com\/fr\/actualites\/anis-chenchah-rejoint-teamwill-en-tant-que-global-ceo\/#primaryimage"},"thumbnailUrl":"https:\/\/www.teamwillgroup.com\/wp-content\/uploads\/2026\/01\/Design-sans-titre-58.png","articleSection":["Actualit\u00e9s","Presse"],"inLanguage":"fr-FR","potentialAction":[{"@type":"CommentAction","name":"Comment","target":["https:\/\/www.teamwillgroup.com\/fr\/actualites\/anis-chenchah-rejoint-teamwill-en-tant-que-global-ceo\/#respond"]}]},{"@type":"WebPage","@id":"https:\/\/www.teamwillgroup.com\/fr\/actualites\/anis-chenchah-rejoint-teamwill-en-tant-que-global-ceo\/","url":"https:\/\/www.teamwillgroup.com\/fr\/actualites\/anis-chenchah-rejoint-teamwill-en-tant-que-global-ceo\/","name":"Anis Chenchah rejoint Teamwill en tant que Global CEO - Teamwill","isPartOf":{"@id":"https:\/\/www.teamwillgroup.com\/fr\/#website"},"primaryImageOfPage":{"@id":"https:\/\/www.teamwillgroup.com\/fr\/actualites\/anis-chenchah-rejoint-teamwill-en-tant-que-global-ceo\/#primaryimage"},"image":{"@id":"https:\/\/www.teamwillgroup.com\/fr\/actualites\/anis-chenchah-rejoint-teamwill-en-tant-que-global-ceo\/#primaryimage"},"thumbnailUrl":"https:\/\/www.teamwillgroup.com\/wp-content\/uploads\/2026\/01\/Design-sans-titre-58.png","datePublished":"2026-01-29T15:57:02+00:00","dateModified":"2026-02-06T16:00:13+00:00","breadcrumb":{"@id":"https:\/\/www.teamwillgroup.com\/fr\/actualites\/anis-chenchah-rejoint-teamwill-en-tant-que-global-ceo\/#breadcrumb"},"inLanguage":"fr-FR","potentialAction":[{"@type":"ReadAction","target":["https:\/\/www.teamwillgroup.com\/fr\/actualites\/anis-chenchah-rejoint-teamwill-en-tant-que-global-ceo\/"]}]},{"@type":"ImageObject","inLanguage":"fr-FR","@id":"https:\/\/www.teamwillgroup.com\/fr\/actualites\/anis-chenchah-rejoint-teamwill-en-tant-que-global-ceo\/#primaryimage","url":"https:\/\/www.teamwillgroup.com\/wp-content\/uploads\/2026\/01\/Design-sans-titre-58.png","contentUrl":"https:\/\/www.teamwillgroup.com\/wp-content\/uploads\/2026\/01\/Design-sans-titre-58.png","width":1200,"height":850},{"@type":"BreadcrumbList","@id":"https:\/\/www.teamwillgroup.com\/fr\/actualites\/anis-chenchah-rejoint-teamwill-en-tant-que-global-ceo\/#breadcrumb","itemListElement":[{"@type":"ListItem","position":1,"name":"Accueil","item":"https:\/\/www.teamwillgroup.com\/fr\/"},{"@type":"ListItem","position":2,"name":"Actualit\u00e9s","item":"https:\/\/www.teamwillgroup.com\/fr\/categorie\/actualites\/"},{"@type":"ListItem","position":3,"name":"Anis Chenchah rejoint Teamwill en tant que Global CEO"}]},{"@type":"WebSite","@id":"https:\/\/www.teamwillgroup.com\/fr\/#website","url":"https:\/\/www.teamwillgroup.com\/fr\/","name":"Teamwill","description":"Leading credit &amp;  Asset Finance Services","publisher":{"@id":"https:\/\/www.teamwillgroup.com\/fr\/#organization"},"potentialAction":[{"@type":"SearchAction","target":{"@type":"EntryPoint","urlTemplate":"https:\/\/www.teamwillgroup.com\/fr\/?s={search_term_string}"},"query-input":{"@type":"PropertyValueSpecification","valueRequired":true,"valueName":"search_term_string"}}],"inLanguage":"fr-FR"},{"@type":"Organization","@id":"https:\/\/www.teamwillgroup.com\/fr\/#organization","name":"Teamwill","url":"https:\/\/www.teamwillgroup.com\/fr\/","logo":{"@type":"ImageObject","inLanguage":"fr-FR","@id":"https:\/\/www.teamwillgroup.com\/fr\/#\/schema\/logo\/image\/","url":"https:\/\/www.teamwillgroup.com\/wp-content\/uploads\/2022\/05\/teamwill.png","contentUrl":"https:\/\/www.teamwillgroup.com\/wp-content\/uploads\/2022\/05\/teamwill.png","width":239,"height":60,"caption":"Teamwill"},"image":{"@id":"https:\/\/www.teamwillgroup.com\/fr\/#\/schema\/logo\/image\/"},"sameAs":["https:\/\/www.linkedin.com\/company\/teamwill"]},{"@type":"Person","@id":"https:\/\/www.teamwillgroup.com\/fr\/#\/schema\/person\/0bacd64e606c0c1487fef080e2b8ed57","name":"Amira","image":{"@type":"ImageObject","inLanguage":"fr-FR","@id":"https:\/\/secure.gravatar.com\/avatar\/b9fd4e212daff442ba91afcac40d3287755a3711e6b62a1c3f145cd38865c50a?s=96&d=mm&r=g","url":"https:\/\/secure.gravatar.com\/avatar\/b9fd4e212daff442ba91afcac40d3287755a3711e6b62a1c3f145cd38865c50a?s=96&d=mm&r=g","contentUrl":"https:\/\/secure.gravatar.com\/avatar\/b9fd4e212daff442ba91afcac40d3287755a3711e6b62a1c3f145cd38865c50a?s=96&d=mm&r=g","caption":"Amira"}}]}},"_links":{"self":[{"href":"https:\/\/www.teamwillgroup.com\/fr\/wp-json\/wp\/v2\/posts\/10739","targetHints":{"allow":["GET"]}}],"collection":[{"href":"https:\/\/www.teamwillgroup.com\/fr\/wp-json\/wp\/v2\/posts"}],"about":[{"href":"https:\/\/www.teamwillgroup.com\/fr\/wp-json\/wp\/v2\/types\/post"}],"author":[{"embeddable":true,"href":"https:\/\/www.teamwillgroup.com\/fr\/wp-json\/wp\/v2\/users\/18"}],"replies":[{"embeddable":true,"href":"https:\/\/www.teamwillgroup.com\/fr\/wp-json\/wp\/v2\/comments?post=10739"}],"version-history":[{"count":2,"href":"https:\/\/www.teamwillgroup.com\/fr\/wp-json\/wp\/v2\/posts\/10739\/revisions"}],"predecessor-version":[{"id":10742,"href":"https:\/\/www.teamwillgroup.com\/fr\/wp-json\/wp\/v2\/posts\/10739\/revisions\/10742"}],"wp:featuredmedia":[{"embeddable":true,"href":"https:\/\/www.teamwillgroup.com\/fr\/wp-json\/wp\/v2\/media\/10610"}],"wp:attachment":[{"href":"https:\/\/www.teamwillgroup.com\/fr\/wp-json\/wp\/v2\/media?parent=10739"}],"wp:term":[{"taxonomy":"category","embeddable":true,"href":"https:\/\/www.teamwillgroup.com\/fr\/wp-json\/wp\/v2\/categories?post=10739"},{"taxonomy":"post_tag","embeddable":true,"href":"https:\/\/www.teamwillgroup.com\/fr\/wp-json\/wp\/v2\/tags?post=10739"}],"curies":[{"name":"wp","href":"https:\/\/api.w.org\/{rel}","templated":true}]}}